{"id":74,"date":"2012-11-01T01:56:42","date_gmt":"2012-11-01T00:56:42","guid":{"rendered":"http:\/\/calmens.com\/?p=74"},"modified":"2012-11-10T02:02:47","modified_gmt":"2012-11-10T01:02:47","slug":"viata-pe-marte-vs-viata-pe-pamant","status":"publish","type":"post","link":"https:\/\/calmens.com\/calendar-menstrual\/viata-pe-marte-vs-viata-pe-pamant\/","title":{"rendered":"Via\u021b\u0103 pe Marte vs. Via\u021b\u0103 pe P\u0103m\u00e2nt"},"content":{"rendered":"<p>Dilem\u0103:<br \/>\nDe ce o bacterie ar fi considerat\u0103 via\u021b\u0103 pe Marte, iar o <strong>b\u0103taie de inim\u0103<\/strong> nu este considerat\u0103 via\u021b\u0103 pe P\u0103m\u00e2nt?<br \/>\n<img data-recalc-dims=\"1\" loading=\"lazy\" decoding=\"async\" data-attachment-id=\"75\" data-permalink=\"https:\/\/calmens.com\/calendar-menstrual\/viata-pe-marte-vs-viata-pe-pamant\/bacterie-marte\/#main\" data-orig-file=\"https:\/\/i0.wp.com\/calmens.com\/calendar-menstrual\/imagini\/bacterie-marte.jpg?fit=275%2C300&amp;ssl=1\" data-orig-size=\"275,300\" data-comments-opened=\"1\" data-image-meta=\"{&quot;aperture&quot;:&quot;0&quot;,&quot;credit&quot;:&quot;&quot;,&quot;camera&quot;:&quot;&quot;,&quot;caption&quot;:&quot;&quot;,&quot;created_timestamp&quot;:&quot;0&quot;,&quot;copyright&quot;:&quot;&quot;,&quot;focal_length&quot;:&quot;0&quot;,&quot;iso&quot;:&quot;0&quot;,&quot;shutter_speed&quot;:&quot;0&quot;,&quot;title&quot;:&quot;&quot;}\" data-image-title=\"Bacterie pe Marte\" data-image-description=\"\" data-image-caption=\"\" data-medium-file=\"https:\/\/i0.wp.com\/calmens.com\/calendar-menstrual\/imagini\/bacterie-marte.jpg?fit=275%2C300&amp;ssl=1\" data-large-file=\"https:\/\/i0.wp.com\/calmens.com\/calendar-menstrual\/imagini\/bacterie-marte.jpg?fit=275%2C300&amp;ssl=1\" src=\"https:\/\/i0.wp.com\/calmens.com\/wp-content\/uploads\/bacterie-marte.jpg?resize=275%2C300\" alt=\"Bacterie pe Marte\" title=\"Via\u021b\u0103 pe Marte\" width=\"275\" height=\"300\" class=\"alignleft size-full wp-image-75\" \/><img data-recalc-dims=\"1\" loading=\"lazy\" decoding=\"async\" data-attachment-id=\"76\" data-permalink=\"https:\/\/calmens.com\/calendar-menstrual\/viata-pe-marte-vs-viata-pe-pamant\/bebelus-ultrasunete\/#main\" data-orig-file=\"https:\/\/i0.wp.com\/calmens.com\/calendar-menstrual\/imagini\/bebelus-ultrasunete.jpg?fit=300%2C249&amp;ssl=1\" data-orig-size=\"300,249\" data-comments-opened=\"1\" data-image-meta=\"{&quot;aperture&quot;:&quot;0&quot;,&quot;credit&quot;:&quot;&quot;,&quot;camera&quot;:&quot;&quot;,&quot;caption&quot;:&quot;&quot;,&quot;created_timestamp&quot;:&quot;0&quot;,&quot;copyright&quot;:&quot;&quot;,&quot;focal_length&quot;:&quot;0&quot;,&quot;iso&quot;:&quot;0&quot;,&quot;shutter_speed&quot;:&quot;0&quot;,&quot;title&quot;:&quot;&quot;}\" data-image-title=\"Via\u021b\u0103 pe P\u0103m\u00e2nt\" data-image-description=\"\" data-image-caption=\"\" data-medium-file=\"https:\/\/i0.wp.com\/calmens.com\/calendar-menstrual\/imagini\/bebelus-ultrasunete.jpg?fit=300%2C249&amp;ssl=1\" data-large-file=\"https:\/\/i0.wp.com\/calmens.com\/calendar-menstrual\/imagini\/bebelus-ultrasunete.jpg?fit=300%2C249&amp;ssl=1\" src=\"https:\/\/i0.wp.com\/calmens.com\/wp-content\/uploads\/bebelus-ultrasunete.jpg?resize=300%2C249\" alt=\"Bebelu\u0219 ultrasunete\" title=\"Via\u021b\u0103 pe P\u0103m\u00e2nt\" width=\"300\" height=\"249\" class=\"alignright size-full wp-image-76\" \/><\/p>\n","protected":false},"excerpt":{"rendered":"<p>Dilem\u0103: De ce o bacterie ar fi considerat\u0103 via\u021b\u0103 pe Marte, iar o b\u0103taie de inim\u0103 nu este considerat\u0103 via\u021b\u0103 pe P\u0103m\u00e2nt?<\/p>\n","protected":false},"author":1,"featured_media":0,"comment_status":"open","ping_status":"open","sticky":false,"template":"","format":"standard","meta":{"_monsterinsights_skip_tracking":false,"_monsterinsights_sitenote_active":false,"_monsterinsights_sitenote_note":"","_monsterinsights_sitenote_category":0,"jetpack_post_was_ever_published":false,"_jetpack_newsletter_access":"","_jetpack_dont_email_post_to_subs":false,"_jetpack_newsletter_tier_id":0,"_jetpack_memberships_contains_paywalled_content":false,"_jetpack_memberships_contains_paid_content":false,"footnotes":"","jetpack_publicize_message":"","jetpack_publicize_feature_enabled":true,"jetpack_social_post_already_shared":false,"jetpack_social_options":{"image_generator_settings":{"template":"highway","enabled":false},"version":2}},"categories":[53],"tags":[56,57,54,55],"jetpack_publicize_connections":[],"yoast_head":"<!-- This site is optimized with the Yoast SEO plugin v24.5 - https:\/\/yoast.com\/wordpress\/plugins\/seo\/ -->\n<title>Via\u021b\u0103 pe Marte vs. Via\u021b\u0103 pe P\u0103m\u00e2nt - CALMENS<\/title>\n<meta name=\"robots\" content=\"index, follow, max-snippet:-1, max-image-preview:large, max-video-preview:-1\" \/>\n<link rel=\"canonical\" href=\"https:\/\/calmens.com\/calendar-menstrual\/viata-pe-marte-vs-viata-pe-pamant\/\" \/>\n<meta property=\"og:locale\" content=\"en_GB\" \/>\n<meta property=\"og:type\" content=\"article\" \/>\n<meta property=\"og:title\" content=\"Via\u021b\u0103 pe Marte vs. Via\u021b\u0103 pe P\u0103m\u00e2nt - CALMENS\" \/>\n<meta property=\"og:description\" content=\"Dilem\u0103: De ce o bacterie ar fi considerat\u0103 via\u021b\u0103 pe Marte, iar o b\u0103taie de inim\u0103 nu este considerat\u0103 via\u021b\u0103 pe P\u0103m\u00e2nt?\" \/>\n<meta property=\"og:url\" content=\"https:\/\/calmens.com\/calendar-menstrual\/viata-pe-marte-vs-viata-pe-pamant\/\" \/>\n<meta property=\"og:site_name\" content=\"CALMENS\" \/>\n<meta property=\"article:published_time\" content=\"2012-11-01T00:56:42+00:00\" \/>\n<meta property=\"article:modified_time\" content=\"2012-11-10T01:02:47+00:00\" \/>\n<meta property=\"og:image\" content=\"http:\/\/calmens.com\/wp-content\/uploads\/bacterie-marte.jpg\" \/>\n<meta name=\"author\" content=\"Calmens\" \/>\n<meta name=\"twitter:label1\" content=\"Written by\" \/>\n\t<meta name=\"twitter:data1\" content=\"Calmens\" \/>\n<script type=\"application\/ld+json\" class=\"yoast-schema-graph\">{\"@context\":\"https:\/\/schema.org\",\"@graph\":[{\"@type\":\"WebPage\",\"@id\":\"https:\/\/calmens.com\/calendar-menstrual\/viata-pe-marte-vs-viata-pe-pamant\/\",\"url\":\"https:\/\/calmens.com\/calendar-menstrual\/viata-pe-marte-vs-viata-pe-pamant\/\",\"name\":\"Via\u021b\u0103 pe Marte vs. Via\u021b\u0103 pe P\u0103m\u00e2nt - CALMENS\",\"isPartOf\":{\"@id\":\"https:\/\/calmens.com\/calendar-menstrual\/#website\"},\"primaryImageOfPage\":{\"@id\":\"https:\/\/calmens.com\/calendar-menstrual\/viata-pe-marte-vs-viata-pe-pamant\/#primaryimage\"},\"image\":{\"@id\":\"https:\/\/calmens.com\/calendar-menstrual\/viata-pe-marte-vs-viata-pe-pamant\/#primaryimage\"},\"thumbnailUrl\":\"http:\/\/calmens.com\/wp-content\/uploads\/bacterie-marte.jpg\",\"datePublished\":\"2012-11-01T00:56:42+00:00\",\"dateModified\":\"2012-11-10T01:02:47+00:00\",\"author\":{\"@id\":\"https:\/\/calmens.com\/calendar-menstrual\/#\/schema\/person\/1682a3a289d07bf42f590d44228dc730\"},\"breadcrumb\":{\"@id\":\"https:\/\/calmens.com\/calendar-menstrual\/viata-pe-marte-vs-viata-pe-pamant\/#breadcrumb\"},\"inLanguage\":\"en-GB\",\"potentialAction\":[{\"@type\":\"ReadAction\",\"target\":[\"https:\/\/calmens.com\/calendar-menstrual\/viata-pe-marte-vs-viata-pe-pamant\/\"]}]},{\"@type\":\"ImageObject\",\"inLanguage\":\"en-GB\",\"@id\":\"https:\/\/calmens.com\/calendar-menstrual\/viata-pe-marte-vs-viata-pe-pamant\/#primaryimage\",\"url\":\"http:\/\/calmens.com\/wp-content\/uploads\/bacterie-marte.jpg\",\"contentUrl\":\"http:\/\/calmens.com\/wp-content\/uploads\/bacterie-marte.jpg\"},{\"@type\":\"BreadcrumbList\",\"@id\":\"https:\/\/calmens.com\/calendar-menstrual\/viata-pe-marte-vs-viata-pe-pamant\/#breadcrumb\",\"itemListElement\":[{\"@type\":\"ListItem\",\"position\":1,\"name\":\"Prima pagin\u0103\",\"item\":\"https:\/\/calmens.com\/calendar-menstrual\/\"},{\"@type\":\"ListItem\",\"position\":2,\"name\":\"Via\u021b\u0103 pe Marte vs. Via\u021b\u0103 pe P\u0103m\u00e2nt\"}]},{\"@type\":\"WebSite\",\"@id\":\"https:\/\/calmens.com\/calendar-menstrual\/#website\",\"url\":\"https:\/\/calmens.com\/calendar-menstrual\/\",\"name\":\"CALMENS\",\"description\":\"Sexul copilului, Sarcin\u0103, Contracep\u021bie, Calendar menstrual\",\"potentialAction\":[{\"@type\":\"SearchAction\",\"target\":{\"@type\":\"EntryPoint\",\"urlTemplate\":\"https:\/\/calmens.com\/calendar-menstrual\/?s={search_term_string}\"},\"query-input\":{\"@type\":\"PropertyValueSpecification\",\"valueRequired\":true,\"valueName\":\"search_term_string\"}}],\"inLanguage\":\"en-GB\"},{\"@type\":\"Person\",\"@id\":\"https:\/\/calmens.com\/calendar-menstrual\/#\/schema\/person\/1682a3a289d07bf42f590d44228dc730\",\"name\":\"Calmens\",\"image\":{\"@type\":\"ImageObject\",\"inLanguage\":\"en-GB\",\"@id\":\"https:\/\/calmens.com\/calendar-menstrual\/#\/schema\/person\/image\/\",\"url\":\"https:\/\/secure.gravatar.com\/avatar\/91a60e3549bb6ad2edbb71e914489d8c?s=96&d=mm&r=g\",\"contentUrl\":\"https:\/\/secure.gravatar.com\/avatar\/91a60e3549bb6ad2edbb71e914489d8c?s=96&d=mm&r=g\",\"caption\":\"Calmens\"},\"url\":\"https:\/\/calmens.com\/calendar-menstrual\/author\/admin\/\"}]}<\/script>\n<!-- \/ Yoast SEO plugin. -->","yoast_head_json":{"title":"Via\u021b\u0103 pe Marte vs. Via\u021b\u0103 pe P\u0103m\u00e2nt - CALMENS","robots":{"index":"index","follow":"follow","max-snippet":"max-snippet:-1","max-image-preview":"max-image-preview:large","max-video-preview":"max-video-preview:-1"},"canonical":"https:\/\/calmens.com\/calendar-menstrual\/viata-pe-marte-vs-viata-pe-pamant\/","og_locale":"en_GB","og_type":"article","og_title":"Via\u021b\u0103 pe Marte vs. Via\u021b\u0103 pe P\u0103m\u00e2nt - CALMENS","og_description":"Dilem\u0103: De ce o bacterie ar fi considerat\u0103 via\u021b\u0103 pe Marte, iar o b\u0103taie de inim\u0103 nu este considerat\u0103 via\u021b\u0103 pe P\u0103m\u00e2nt?","og_url":"https:\/\/calmens.com\/calendar-menstrual\/viata-pe-marte-vs-viata-pe-pamant\/","og_site_name":"CALMENS","article_published_time":"2012-11-01T00:56:42+00:00","article_modified_time":"2012-11-10T01:02:47+00:00","og_image":[{"url":"http:\/\/calmens.com\/wp-content\/uploads\/bacterie-marte.jpg","type":"","width":"","height":""}],"author":"Calmens","twitter_misc":{"Written by":"Calmens"},"schema":{"@context":"https:\/\/schema.org","@graph":[{"@type":"WebPage","@id":"https:\/\/calmens.com\/calendar-menstrual\/viata-pe-marte-vs-viata-pe-pamant\/","url":"https:\/\/calmens.com\/calendar-menstrual\/viata-pe-marte-vs-viata-pe-pamant\/","name":"Via\u021b\u0103 pe Marte vs. Via\u021b\u0103 pe P\u0103m\u00e2nt - CALMENS","isPartOf":{"@id":"https:\/\/calmens.com\/calendar-menstrual\/#website"},"primaryImageOfPage":{"@id":"https:\/\/calmens.com\/calendar-menstrual\/viata-pe-marte-vs-viata-pe-pamant\/#primaryimage"},"image":{"@id":"https:\/\/calmens.com\/calendar-menstrual\/viata-pe-marte-vs-viata-pe-pamant\/#primaryimage"},"thumbnailUrl":"http:\/\/calmens.com\/wp-content\/uploads\/bacterie-marte.jpg","datePublished":"2012-11-01T00:56:42+00:00","dateModified":"2012-11-10T01:02:47+00:00","author":{"@id":"https:\/\/calmens.com\/calendar-menstrual\/#\/schema\/person\/1682a3a289d07bf42f590d44228dc730"},"breadcrumb":{"@id":"https:\/\/calmens.com\/calendar-menstrual\/viata-pe-marte-vs-viata-pe-pamant\/#breadcrumb"},"inLanguage":"en-GB","potentialAction":[{"@type":"ReadAction","target":["https:\/\/calmens.com\/calendar-menstrual\/viata-pe-marte-vs-viata-pe-pamant\/"]}]},{"@type":"ImageObject","inLanguage":"en-GB","@id":"https:\/\/calmens.com\/calendar-menstrual\/viata-pe-marte-vs-viata-pe-pamant\/#primaryimage","url":"http:\/\/calmens.com\/wp-content\/uploads\/bacterie-marte.jpg","contentUrl":"http:\/\/calmens.com\/wp-content\/uploads\/bacterie-marte.jpg"},{"@type":"BreadcrumbList","@id":"https:\/\/calmens.com\/calendar-menstrual\/viata-pe-marte-vs-viata-pe-pamant\/#breadcrumb","itemListElement":[{"@type":"ListItem","position":1,"name":"Prima pagin\u0103","item":"https:\/\/calmens.com\/calendar-menstrual\/"},{"@type":"ListItem","position":2,"name":"Via\u021b\u0103 pe Marte vs. Via\u021b\u0103 pe P\u0103m\u00e2nt"}]},{"@type":"WebSite","@id":"https:\/\/calmens.com\/calendar-menstrual\/#website","url":"https:\/\/calmens.com\/calendar-menstrual\/","name":"CALMENS","description":"Sexul copilului, Sarcin\u0103, Contracep\u021bie, Calendar menstrual","potentialAction":[{"@type":"SearchAction","target":{"@type":"EntryPoint","urlTemplate":"https:\/\/calmens.com\/calendar-menstrual\/?s={search_term_string}"},"query-input":{"@type":"PropertyValueSpecification","valueRequired":true,"valueName":"search_term_string"}}],"inLanguage":"en-GB"},{"@type":"Person","@id":"https:\/\/calmens.com\/calendar-menstrual\/#\/schema\/person\/1682a3a289d07bf42f590d44228dc730","name":"Calmens","image":{"@type":"ImageObject","inLanguage":"en-GB","@id":"https:\/\/calmens.com\/calendar-menstrual\/#\/schema\/person\/image\/","url":"https:\/\/secure.gravatar.com\/avatar\/91a60e3549bb6ad2edbb71e914489d8c?s=96&d=mm&r=g","contentUrl":"https:\/\/secure.gravatar.com\/avatar\/91a60e3549bb6ad2edbb71e914489d8c?s=96&d=mm&r=g","caption":"Calmens"},"url":"https:\/\/calmens.com\/calendar-menstrual\/author\/admin\/"}]}},"jetpack_featured_media_url":"","jetpack_shortlink":"https:\/\/wp.me\/p2SPoA-1c","jetpack_sharing_enabled":true,"jetpack_likes_enabled":true,"jetpack-related-posts":[],"_links":{"self":[{"href":"https:\/\/calmens.com\/calendar-menstrual\/wp-json\/wp\/v2\/posts\/74"}],"collection":[{"href":"https:\/\/calmens.com\/calendar-menstrual\/wp-json\/wp\/v2\/posts"}],"about":[{"href":"https:\/\/calmens.com\/calendar-menstrual\/wp-json\/wp\/v2\/types\/post"}],"author":[{"embeddable":true,"href":"https:\/\/calmens.com\/calendar-menstrual\/wp-json\/wp\/v2\/users\/1"}],"replies":[{"embeddable":true,"href":"https:\/\/calmens.com\/calendar-menstrual\/wp-json\/wp\/v2\/comments?post=74"}],"version-history":[{"count":1,"href":"https:\/\/calmens.com\/calendar-menstrual\/wp-json\/wp\/v2\/posts\/74\/revisions"}],"predecessor-version":[{"id":77,"href":"https:\/\/calmens.com\/calendar-menstrual\/wp-json\/wp\/v2\/posts\/74\/revisions\/77"}],"wp:attachment":[{"href":"https:\/\/calmens.com\/calendar-menstrual\/wp-json\/wp\/v2\/media?parent=74"}],"wp:term":[{"taxonomy":"category","embeddable":true,"href":"https:\/\/calmens.com\/calendar-menstrual\/wp-json\/wp\/v2\/categories?post=74"},{"taxonomy":"post_tag","embeddable":true,"href":"https:\/\/calmens.com\/calendar-menstrual\/wp-json\/wp\/v2\/tags?post=74"}],"curies":[{"name":"wp","href":"https:\/\/api.w.org\/{rel}","templated":true}]}}